{"id":728,"date":"2025-01-28T14:58:13","date_gmt":"2025-01-28T13:58:13","guid":{"rendered":"https:\/\/www.itva.eu\/?p=728"},"modified":"2025-01-28T14:58:13","modified_gmt":"2025-01-28T13:58:13","slug":"der-itva-startet-ins-neue-itvai-jahr-2025","status":"publish","type":"post","link":"https:\/\/itva.cloud\/index.php\/2025\/01\/28\/der-itva-startet-ins-neue-itvai-jahr-2025\/","title":{"rendered":"Der ITVA startet ins Neue ITVA(i) Jahr 2025"},"content":{"rendered":"\n<p>Liebe Mitglieder, liebe Branchenkolleginnen und -kollegen,<\/p>\n\n\n\n<p>wer h\u00e4tte gedacht, dass Donald Trump tats\u00e4chlich erneut ins Wei\u00dfe Haus einziehen w\u00fcrde? Ebenso \u00fcberraschend treffen uns die politischen Geschehnisse in Deutschland, die nun dazu f\u00fchren, dass wir hierzulande bereits am <strong>23. Februar zur Bundestagswahl<\/strong> wieder w\u00e4hlen d\u00fcrfen. Die Auswahl an Kandidatinnen und Kandidaten scheint begrenzt \u2013 und es wird einmal mehr deutlich, dass es umfassende Ver\u00e4nderungen nur dann gibt, wenn jede*r Einzelne von uns seiner Verantwortung gerecht wird und mit Weitsicht sowie Empathie handelt.<\/p>\n\n\n\n<p><strong>Trotz aller Herausforderungen gestalten wir die Zukunft mit<\/strong><\/p>\n\n\n\n<p>Mit unserem\u00a0<a href=\"https:\/\/itva.cloud\/\"><strong>ITVA(i) \u2013 Institute of Technology, Visualisation &amp; AI\u00a0<\/strong><\/a>wollen wir aktiv das Zeitalter der K\u00fcnstlichen Intelligenz mitgestalten. Nicht nur die Projekte\u00a0<a href=\"https:\/\/itva.cloud\/index.php\/2025\/01\/28\/openai-versus-deepseek-wie-ai-infrastruktur-die-welt-verandern-konnte\/\" target=\"_blank\" rel=\"noreferrer noopener\"><strong>Stargate<\/strong><\/a>\u00a0und <strong><a href=\"https:\/\/itva.cloud\/index.php\/2025\/01\/28\/openai-versus-deepseek-wie-ai-infrastruktur-die-welt-verandern-konnte\/\" data-type=\"link\" data-id=\"https:\/\/itva.cloud\/index.php\/2025\/01\/28\/openai-versus-deepseek-wie-ai-infrastruktur-die-welt-verandern-konnte\/\" target=\"_blank\" rel=\"noreferrer noopener\">deepseek<\/a><\/strong> zeigen wie wichtig und weltbestimmend das Thema inzwischen ist. Hier steht eine der gr\u00f6\u00dften Herausforderungen f\u00fcr die gesamte Menschheit bevor, der wir uns stellen m\u00fcssen. Wir laden Sie herzlich ein, Teil dieser spannenden Challenge zu sein!<\/p>\n\n\n\n<p>Bereits seit mehreren Jahren betreibt das <strong>ITVA(i) Institut <\/strong>Forschung in Bereich K\u00fcnstliche Intelligenz und wie das unsere Branche ver\u00e4ndern wird. Jetzt werden wir unseren Fokus noch weiter auf dieses Thema ausrichten. Inzwischen wei\u00df auch die gesamte Film- und Medienbranche, wie tiefgreifend KI-gest\u00fctzte Mediengestaltung und Informationsverarbeitung unseren Alltag pr\u00e4gen wird.<\/p>\n\n\n\n<p>Gleichzeitig feiern wir 2025 auch unser&nbsp;<strong>40-j\u00e4hriges Verbandsjubil\u00e4um<\/strong>&nbsp;\u2013 ein Meilenstein, den wir im Rahmen des&nbsp;<a href=\"https:\/\/itva.cloud\/index.php\/home\/\"><strong>25. ITVA-Awards<\/strong><\/a>&nbsp;geb\u00fchrend w\u00fcrdigen m\u00f6chten. Dieses Jubil\u00e4um bietet uns den perfekten Anlass, die Weichen f\u00fcr die Zukunft unseres Verbandes zu stellen und die Weiterentwicklung auch auf Vorstandsebene aktiv voranzutreiben.<\/p>\n\n\n\n<p>Aus diesem Grund laden wir Sie schon jetzt ein, sich an unserem Neuanfang zu beteiligen. Der Termin und Ort der&nbsp;<strong>Mitgliederversammlung 2025<\/strong>, bei der der neue Vorstand gew\u00e4hlt und die zuk\u00fcnftigen Perspektiven des ITVA e.V. diskutiert werden, wird in K\u00fcrze bekanntgegeben. Sollten Sie sich selbst oder eine andere Person als Vorstandskandidat*in oder als Mitglied der ITVA-Festival-Jury vorschlagen wollen, melden Sie sich bitte gerne telefonisch, per WhatsApp oder E-Mail in unserer Gesch\u00e4ftsstelle.<\/p>\n\n\n\n<p>Wir w\u00fcnschen Ihnen einen erfolgreichen Start in dieses au\u00dfergew\u00f6hnliche Jahr 2025 und freuen uns auf die Zusammenarbeit mit Ihnen in diesen aufregenden Zeiten!<\/p>\n\n\n\n<p>Und falls noch nicht geschehen, werden Sie jetzt <strong>Mitglied des ITVA(i)<\/strong>. Bis zum 15. Februar bieten wir Ihnen besondere\u00a0<a href=\"https:\/\/itva.cloud\/index.php\/kontakt\/\"><strong>Neumitglieder Pakete<\/strong><\/a>\u00a0(50% Mitgliedsrabatt f\u00fcr das erste Jahr) an.<\/p>\n\n\n\n<p>Herzliche Gr\u00fc\u00dfe<\/p>\n\n\n\n<p><strong>Der Vorstand des ITVA(i)<\/strong><br>Matthias Ditsch, Pr\u00e4sident<br>Roman M\u00fcller, Vizepr\u00e4sident<\/p>\n","protected":false},"excerpt":{"rendered":"<p>Liebe Mitglieder, liebe Branchenkolleginnen und -kollegen, wer h\u00e4tte gedacht, dass Donald Trump tats\u00e4chlich erneut ins Wei\u00dfe Haus einziehen w\u00fcrde? Ebenso \u00fcberraschend treffen uns die politischen Geschehnisse in Deutschland, die nun dazu f\u00fchren, dass wir hierzulande bereits am 23. Februar zur Bundestagswahl wieder w\u00e4hlen d\u00fcrfen. Die Auswahl an Kandidatinnen und Kandidaten scheint begrenzt \u2013 und es&hellip; <br \/> <a class=\"read-more\" href=\"https:\/\/itva.cloud\/index.php\/2025\/01\/28\/der-itva-startet-ins-neue-itvai-jahr-2025\/\">Weiterlesen<\/a><\/p>\n","protected":false},"author":2,"featured_media":730,"comment_status":"closed","ping_status":"closed","sticky":false,"template":"","format":"standard","meta":{"footnotes":""},"categories":[7,4,6,1,9],"tags":[181,183,55,33,182,169,59,184,180],"class_list":["post-728","post","type-post","status-publish","format-standard","has-post-thumbnail","hentry","category-ai","category-itva-award","category-technology","category-uncategorized","category-visionen","tag-25-itva-award","tag-40-jahriges-verbandsjubilaum","tag-ai","tag-ai-systems","tag-donald-trump","tag-itva-e-v","tag-ki","tag-mitgliederversammlung","tag-stargate"],"_links":{"self":[{"href":"https:\/\/itva.cloud\/index.php\/wp-json\/wp\/v2\/posts\/728","targetHints":{"allow":["GET"]}}],"collection":[{"href":"https:\/\/itva.cloud\/index.php\/wp-json\/wp\/v2\/posts"}],"about":[{"href":"https:\/\/itva.cloud\/index.php\/wp-json\/wp\/v2\/types\/post"}],"author":[{"embeddable":true,"href":"https:\/\/itva.cloud\/index.php\/wp-json\/wp\/v2\/users\/2"}],"replies":[{"embeddable":true,"href":"https:\/\/itva.cloud\/index.php\/wp-json\/wp\/v2\/comments?post=728"}],"version-history":[{"count":6,"href":"https:\/\/itva.cloud\/index.php\/wp-json\/wp\/v2\/posts\/728\/revisions"}],"predecessor-version":[{"id":748,"href":"https:\/\/itva.cloud\/index.php\/wp-json\/wp\/v2\/posts\/728\/revisions\/748"}],"wp:featuredmedia":[{"embeddable":true,"href":"https:\/\/itva.cloud\/index.php\/wp-json\/wp\/v2\/media\/730"}],"wp:attachment":[{"href":"https:\/\/itva.cloud\/index.php\/wp-json\/wp\/v2\/media?parent=728"}],"wp:term":[{"taxonomy":"category","embeddable":true,"href":"https:\/\/itva.cloud\/index.php\/wp-json\/wp\/v2\/categories?post=728"},{"taxonomy":"post_tag","embeddable":true,"href":"https:\/\/itva.cloud\/index.php\/wp-json\/wp\/v2\/tags?post=728"}],"curies":[{"name":"wp","href":"https:\/\/api.w.org\/{rel}","templated":true}]}}