{"id":687,"date":"2024-08-19T16:25:55","date_gmt":"2024-08-19T15:25:55","guid":{"rendered":"https:\/\/www.itva.eu\/?p=687"},"modified":"2024-08-19T16:25:55","modified_gmt":"2024-08-19T15:25:55","slug":"impressionen-vom-festival-der-zukunft-2024","status":"publish","type":"post","link":"https:\/\/itva.cloud\/index.php\/2024\/08\/19\/impressionen-vom-festival-der-zukunft-2024\/","title":{"rendered":"Impressionen vom Festival der Zukunft 2024"},"content":{"rendered":"\n<p>Das\u00a0<strong><a href=\"https:\/\/festival.1e9.community\" target=\"_blank\" rel=\"noreferrer noopener\">Festival der Zukunft 2024<\/a><\/strong>\u00a0war ein interessanter Event organisiert von der <a href=\"https:\/\/1e9.community\/\" target=\"_blank\" rel=\"noreferrer noopener\"><strong>1E9 Community<\/strong><\/a> und dem <strong>Deutsches Museum<\/strong>! Mit rund 1.500 Teilnehmenden an den Konferenztagen und \u00fcber 10.000 Besuchern und Besucherinnen an den Familientagen war das Festival ein voller Erfolg. Vier Tage lang verwandelte sich die Veranstaltung in ein Schaufenster der Innovation und Kreativit\u00e4t, bei dem \u00fcber 200 Experten und Expertinnen mit mehr als 100 Stunden Programm ihr Wissen und ihre Visionen teilten. Dazu kamen beeindruckende 1.000 Quadratmeter Ausstellungsfl\u00e4che, die Raum f\u00fcr Kunst, Austausch und Inspiration boten.<\/p>\n\n\n\n<p>Das Motto 2024: <strong>\u201eWelcome to Future Island\u201c<\/strong><\/p>\n\n\n\n<figure class=\"wp-block-image size-full\"><a href=\"https:\/\/festival.1e9.community\" target=\"_blank\" rel=\"noreferrer noopener\"><img loading=\"lazy\" decoding=\"async\" width=\"2126\" height=\"1128\" src=\"https:\/\/itva.cloud\/wp-content\/uploads\/2024\/08\/Willkommen-auf-Future-Island-2024.jpg\" alt=\"\" class=\"wp-image-692\" srcset=\"https:\/\/itva.cloud\/wp-content\/uploads\/2024\/08\/Willkommen-auf-Future-Island-2024.jpg 2126w, https:\/\/itva.cloud\/wp-content\/uploads\/2024\/08\/Willkommen-auf-Future-Island-2024-300x159.jpg 300w, https:\/\/itva.cloud\/wp-content\/uploads\/2024\/08\/Willkommen-auf-Future-Island-2024-768x407.jpg 768w, https:\/\/itva.cloud\/wp-content\/uploads\/2024\/08\/Willkommen-auf-Future-Island-2024-1536x815.jpg 1536w, https:\/\/itva.cloud\/wp-content\/uploads\/2024\/08\/Willkommen-auf-Future-Island-2024-2048x1087.jpg 2048w, https:\/\/itva.cloud\/wp-content\/uploads\/2024\/08\/Willkommen-auf-Future-Island-2024-1024x543.jpg 1024w, https:\/\/itva.cloud\/wp-content\/uploads\/2024\/08\/Willkommen-auf-Future-Island-2024-1920x1019.jpg 1920w\" sizes=\"auto, (max-width: 2126px) 100vw, 2126px\" \/><\/a><figcaption class=\"wp-element-caption\"><em>Ihr habt genug von Krisenstimmung, Schwarzmalerei und Untergangsszenarien? Wir auch. Deshalb wird das diesj\u00e4hrige Festival unter dem Motto <strong>\u201eWelcome to Future Island\u201c<\/strong> zu einer Entdeckungsreise in die Zukunft. Information, Diskussion, Workshops zu neuesten Entwicklungen aus Technologie und Wissenschaft.<\/em><\/figcaption><\/figure>\n\n\n\n<p>Fast zwei Monate sind nun vergangen und jetzt gibt es das <strong><a href=\"https:\/\/youtu.be\/GHAuMV-RHvM?si=JWGUmN5iKDwqy1JX\" target=\"_blank\" rel=\"noreferrer noopener\">offizielle Impressions-Video<\/a><\/strong>, das die <strong>Highlights des Festivals in nur 100 Sekunden<\/strong> perfekt einf\u00e4ngt. <\/p>\n\n\n\n<figure class=\"wp-block-embed is-type-video is-provider-youtube wp-block-embed-youtube wp-embed-aspect-16-9 wp-has-aspect-ratio\"><div class=\"wp-block-embed__wrapper\">\n<div class='embed-container'><iframe loading=\"lazy\" title=\"Festival der Zukunft 2024: Impressions\" width=\"1920\" height=\"1080\" src=\"https:\/\/www.youtube.com\/embed\/GHAuMV-RHvM?feature=oembed\" frameborder=\"0\" allow=\"accelerometer; autoplay; clipboard-write; encrypted-media; gyroscope; picture-in-picture; web-share\" referrerpolicy=\"strict-origin-when-cross-origin\" allowfullscreen><\/iframe><\/div>\n<\/div><figcaption class=\"wp-element-caption\">Das offizielle Festival der Zukunft 2024 Impressions-Video<\/figcaption><\/figure>\n\n\n\n<p>F\u00fcr alle, die nach dem Video Lust auf mehr bekommen haben: Das n\u00e4chste <strong>Festival der Zukunft<\/strong> findet vom <strong>3. bis 5. Juli 2025<\/strong> statt. Die ersten Tickets \u2013 die Curios Cat Tickets \u2013 sind jetzt schon f\u00fcr nur 89,- Euro erh\u00e4ltlich. Sichern Sie sich Ihren Platz, wenn das Festival der Zukunft erneut die T\u00fcren zur Welt von morgen \u00f6ffnet. <\/p>\n\n\n\n<figure class=\"wp-block-image size-full\"><a href=\"https:\/\/festival.1e9.community\" target=\"_blank\" rel=\"noreferrer noopener\"><img loading=\"lazy\" decoding=\"async\" width=\"1320\" height=\"742\" src=\"https:\/\/itva.cloud\/wp-content\/uploads\/2024\/08\/Festival-der-Zukunft-2024.jpg\" alt=\"\" class=\"wp-image-693\" srcset=\"https:\/\/itva.cloud\/wp-content\/uploads\/2024\/08\/Festival-der-Zukunft-2024.jpg 1320w, https:\/\/itva.cloud\/wp-content\/uploads\/2024\/08\/Festival-der-Zukunft-2024-300x169.jpg 300w, https:\/\/itva.cloud\/wp-content\/uploads\/2024\/08\/Festival-der-Zukunft-2024-768x432.jpg 768w, https:\/\/itva.cloud\/wp-content\/uploads\/2024\/08\/Festival-der-Zukunft-2024-1024x576.jpg 1024w\" sizes=\"auto, (max-width: 1320px) 100vw, 1320px\" \/><\/a><figcaption class=\"wp-element-caption\"><strong>Sch\u00f6n war&#8217;s! Wir sehen uns 2025!<\/strong><\/figcaption><\/figure>\n","protected":false},"excerpt":{"rendered":"<p>Das\u00a0Festival der Zukunft 2024\u00a0war ein interessanter Event organisiert von der 1E9 Community und dem Deutsches Museum! Mit rund 1.500 Teilnehmenden an den Konferenztagen und \u00fcber 10.000 Besuchern und Besucherinnen an den Familientagen war das Festival ein voller Erfolg. Vier Tage lang verwandelte sich die Veranstaltung in ein Schaufenster der Innovation und Kreativit\u00e4t, bei dem \u00fcber&hellip; <br \/> <a class=\"read-more\" href=\"https:\/\/itva.cloud\/index.php\/2024\/08\/19\/impressionen-vom-festival-der-zukunft-2024\/\">Weiterlesen<\/a><\/p>\n","protected":false},"author":2,"featured_media":691,"comment_status":"closed","ping_status":"closed","sticky":false,"template":"","format":"standard","meta":{"footnotes":""},"categories":[7,6,1,12,9,42],"tags":[172,173,171],"class_list":["post-687","post","type-post","status-publish","format-standard","has-post-thumbnail","hentry","category-ai","category-technology","category-uncategorized","category-virtual-reality","category-visionen","category-weiterbildung","tag-1e9-community","tag-deutsche-museum","tag-festival-der-zukunft"],"_links":{"self":[{"href":"https:\/\/itva.cloud\/index.php\/wp-json\/wp\/v2\/posts\/687","targetHints":{"allow":["GET"]}}],"collection":[{"href":"https:\/\/itva.cloud\/index.php\/wp-json\/wp\/v2\/posts"}],"about":[{"href":"https:\/\/itva.cloud\/index.php\/wp-json\/wp\/v2\/types\/post"}],"author":[{"embeddable":true,"href":"https:\/\/itva.cloud\/index.php\/wp-json\/wp\/v2\/users\/2"}],"replies":[{"embeddable":true,"href":"https:\/\/itva.cloud\/index.php\/wp-json\/wp\/v2\/comments?post=687"}],"version-history":[{"count":7,"href":"https:\/\/itva.cloud\/index.php\/wp-json\/wp\/v2\/posts\/687\/revisions"}],"predecessor-version":[{"id":697,"href":"https:\/\/itva.cloud\/index.php\/wp-json\/wp\/v2\/posts\/687\/revisions\/697"}],"wp:featuredmedia":[{"embeddable":true,"href":"https:\/\/itva.cloud\/index.php\/wp-json\/wp\/v2\/media\/691"}],"wp:attachment":[{"href":"https:\/\/itva.cloud\/index.php\/wp-json\/wp\/v2\/media?parent=687"}],"wp:term":[{"taxonomy":"category","embeddable":true,"href":"https:\/\/itva.cloud\/index.php\/wp-json\/wp\/v2\/categories?post=687"},{"taxonomy":"post_tag","embeddable":true,"href":"https:\/\/itva.cloud\/index.php\/wp-json\/wp\/v2\/tags?post=687"}],"curies":[{"name":"wp","href":"https:\/\/api.w.org\/{rel}","templated":true}]}}