{"id":679,"date":"2024-06-01T14:32:55","date_gmt":"2024-06-01T13:32:55","guid":{"rendered":"https:\/\/www.itva.eu\/?p=679"},"modified":"2024-06-03T18:29:47","modified_gmt":"2024-06-03T17:29:47","slug":"der-itva-stellt-seine-ai-initiative-itvai-auf-der-learntec-vor","status":"publish","type":"post","link":"https:\/\/itva.cloud\/index.php\/2024\/06\/01\/der-itva-stellt-seine-ai-initiative-itvai-auf-der-learntec-vor\/","title":{"rendered":"Der ITVA stellt seine AI-Initiative ITVAI auf der LEARNTEC vor"},"content":{"rendered":"\n<p>Von\u00a0<strong>04. bis 06. Juni 2024<\/strong> trifft sich die\u00a0<strong>E-Learning-Community<\/strong>\u00a0in Karlsruhe zur\u00a0<a href=\"https:\/\/www.learntec.de\/de\/\" target=\"_blank\" rel=\"noreferrer noopener\"><strong>LEARNTEC<\/strong><\/a>, Europas bedeutendster Veranstaltung f\u00fcr digitale Bildung in Schule, Hochschule und Beruf und bietet damit eine hervorragende Gelegenheit, sich \u00fcber die neuesten Trends und Innovationen zu informieren, sich auszutauschen und neue Kontakte zu kn\u00fcpfen.<\/p>\n\n\n\n<p>Besonders m\u00f6chten wir Sie auf das&nbsp;<strong>Future Lab<\/strong>&nbsp;aufmerksam machen, das sich den Themen&nbsp;<strong>KI, Robotik<\/strong>&nbsp;und&nbsp;<strong>Smart Learning Tools<\/strong>&nbsp;widmet. Hier k\u00f6nnen Besucherinnen und Besucher die digitale Zukunft hautnah erleben und neueste Technologien wie k\u00fcnstliche Intelligenz und Robotik direkt ausprobieren. KI-Experte Christian Steiner wird im \u201eKI Corner\u201c zeigen, wie Unternehmen KI geschickt zur Weiterbildung einsetzen k\u00f6nnen.<\/p>\n\n\n\n<p>Der&nbsp;<strong><a href=\"https:\/\/itva.cloud\" target=\"_blank\" rel=\"noreferrer noopener\">ITVA e.V.<\/a><\/strong>&nbsp;freut sich, im Rahmen der LEARNTEC seine neue&nbsp;<strong>AI-Initiative ITVAI<\/strong>&nbsp;im Bereich K\u00fcnstliche Intelligenz vorzustellen. Mit&nbsp;<strong>ITVAI<\/strong>&nbsp;starten wir eine innovative&nbsp;<strong>AI-Cloudplattform<\/strong>, die Unternehmen und Bildungseinrichtungen dabei unterst\u00fctzen wird, sich im Dschungel der AI-Technologien zu orientieren und diese effektiv zu nutzen.<\/p>\n\n\n\n<p>F\u00fcr pers\u00f6nliche Gespr\u00e4che stehen Ihnen&nbsp;<strong>Matthias Ditsch<\/strong>&nbsp;und&nbsp;<strong>Roman M\u00fcller<\/strong>&nbsp;Pr\u00e4sident und Vize-Pr\u00e4sident des ITVA e.V. w\u00e4hrend der Messezeit gerne zur Verf\u00fcgung. Vereinbaren Sie einen Termin mit uns, entweder \u00fcber&nbsp;<strong>Mobil &amp; WhatsApp<\/strong>&nbsp;unter <strong>+49-151-230.262.12<\/strong> oder per&nbsp;<strong>E-Mail<\/strong>&nbsp;an: <a href=\"mailto:info@itva.eu\"><strong>info@itva.eu<\/strong><\/a><\/p>\n\n\n\n<p>Wir freuen uns auf Ihren Besuch und spannende Gespr\u00e4che!<\/p>\n\n\n\n<p>Viele Gr\u00fc\u00dfe<br>Der Vorstand des ITVA<br>Matthias Ditsch, Pr\u00e4sident<br>Roman M\u00fcller, Vize Pr\u00e4sident<\/p>\n","protected":false},"excerpt":{"rendered":"<p>Von\u00a004. bis 06. Juni 2024 trifft sich die\u00a0E-Learning-Community\u00a0in Karlsruhe zur\u00a0LEARNTEC, Europas bedeutendster Veranstaltung f\u00fcr digitale Bildung in Schule, Hochschule und Beruf und bietet damit eine hervorragende Gelegenheit, sich \u00fcber die neuesten Trends und Innovationen zu informieren, sich auszutauschen und neue Kontakte zu kn\u00fcpfen. Besonders m\u00f6chten wir Sie auf das&nbsp;Future Lab&nbsp;aufmerksam machen, das sich den Themen&nbsp;KI,&hellip; <br \/> <a class=\"read-more\" href=\"https:\/\/itva.cloud\/index.php\/2024\/06\/01\/der-itva-stellt-seine-ai-initiative-itvai-auf-der-learntec-vor\/\">Weiterlesen<\/a><\/p>\n","protected":false},"author":2,"featured_media":682,"comment_status":"closed","ping_status":"closed","sticky":false,"template":"","format":"standard","meta":{"footnotes":""},"categories":[7,41,81,6,1,12,9,42],"tags":[170,168,169,167,166],"class_list":["post-679","post","type-post","status-publish","format-standard","has-post-thumbnail","hentry","category-ai","category-marketing","category-messen-events","category-technology","category-uncategorized","category-virtual-reality","category-visionen","category-weiterbildung","tag-ai-cloudplattform","tag-ai-initiative","tag-itva-e-v","tag-itvai","tag-learntec"],"_links":{"self":[{"href":"https:\/\/itva.cloud\/index.php\/wp-json\/wp\/v2\/posts\/679","targetHints":{"allow":["GET"]}}],"collection":[{"href":"https:\/\/itva.cloud\/index.php\/wp-json\/wp\/v2\/posts"}],"about":[{"href":"https:\/\/itva.cloud\/index.php\/wp-json\/wp\/v2\/types\/post"}],"author":[{"embeddable":true,"href":"https:\/\/itva.cloud\/index.php\/wp-json\/wp\/v2\/users\/2"}],"replies":[{"embeddable":true,"href":"https:\/\/itva.cloud\/index.php\/wp-json\/wp\/v2\/comments?post=679"}],"version-history":[{"count":5,"href":"https:\/\/itva.cloud\/index.php\/wp-json\/wp\/v2\/posts\/679\/revisions"}],"predecessor-version":[{"id":685,"href":"https:\/\/itva.cloud\/index.php\/wp-json\/wp\/v2\/posts\/679\/revisions\/685"}],"wp:featuredmedia":[{"embeddable":true,"href":"https:\/\/itva.cloud\/index.php\/wp-json\/wp\/v2\/media\/682"}],"wp:attachment":[{"href":"https:\/\/itva.cloud\/index.php\/wp-json\/wp\/v2\/media?parent=679"}],"wp:term":[{"taxonomy":"category","embeddable":true,"href":"https:\/\/itva.cloud\/index.php\/wp-json\/wp\/v2\/categories?post=679"},{"taxonomy":"post_tag","embeddable":true,"href":"https:\/\/itva.cloud\/index.php\/wp-json\/wp\/v2\/tags?post=679"}],"curies":[{"name":"wp","href":"https:\/\/api.w.org\/{rel}","templated":true}]}}