{"id":630,"date":"2023-10-28T19:05:04","date_gmt":"2023-10-28T18:05:04","guid":{"rendered":"https:\/\/www.itva.eu\/?p=630"},"modified":"2023-10-28T19:49:38","modified_gmt":"2023-10-28T18:49:38","slug":"alles-ki-oder-was-die-medientage-munchen-2023-im-house-of-communication","status":"publish","type":"post","link":"https:\/\/itva.cloud\/index.php\/2023\/10\/28\/alles-ki-oder-was-die-medientage-munchen-2023-im-house-of-communication\/","title":{"rendered":"Alles KI oder was &#8211; die Medientage M\u00fcnchen 2023 im House of Communication"},"content":{"rendered":"\n<p>Die <strong>37. Medientage M\u00fcnchen<\/strong>, die vom 25. bis 27. Oktober 2023 im <strong>House of Communication<\/strong> der Serviceplan Group und im umliegenden Werksviertel stattfanden, zogen \u00fcber 5.000 Besucher und mehr als 350 Experten, wie z.B. der KI-Forscher<strong> Prof. Dr. Bj\u00f6rn Ommer<\/strong> und die Transformationsforscherin<strong><br>Prof. Dr. Maja G\u00f6pel<\/strong> oder den Google-Manager <strong>Philipp Justus<\/strong> aus verschiedenen Bereichen der Medienwelt an. Unter dem Motto &#8222;<strong>Intelligence<\/strong>&#8220; standen die Potenziale, Optionen und Folgen des Einsatzes K\u00fcnstlicher Intelligenz (KI) in den Medien im Mittelpunkt der Diskussionen.<\/p>\n\n\n\n<iframe loading=\"lazy\" src=\"https:\/\/www.ardmediathek.de\/embed\/Y3JpZDovL2JyLmRlL3ZpZGVvL2JjNzMyMzZmLTU1YjktNDFkNS04YzQzLWJmNTFiNzUzMmJhZg\" width=\"640\" height=\"360\" allowfullscreen frameBorder=\"0\" scrolling=\"no\"><\/iframe>\n\n\n\n<p>Die Veranstaltung bot eine beeindruckende Vielfalt von \u00fcber 100 Veranstaltungen, darunter Keynotes, Panel-Diskussionen und Vortr\u00e4ge, die von Referenten und Diskussionsteilnehmern aus den Bereichen Medienwirtschaft, Politik, Kultur, Wissenschaft und Gesellschaft geleitet wurden. Ein zentrales Thema, das immer wieder aufkam, war <strong>die Rolle der KI in den Medien<\/strong> und <strong>die Auswirkungen auf die Branche<\/strong>.<\/p>\n\n\n\n<p>Ein weiterer Konsens bestand darin, dass die Verwendung von KI in den Medien transparent erfolgen muss, um das Vertrauen der \u00d6ffentlichkeit zu wahren. Ebenso war man sich einig, dass eine kluge und transparente Regulierung der KI-Technologie erforderlich ist, um Innovationen nicht zu behindern.<\/p>\n\n\n\n<p><strong>Dr. Florian Herrmann<\/strong>, Leiter der Bayerischen Staatskanzlei und bayerischer Staatsminister f\u00fcr Bundesangelegenheiten und Medien, betonte, dass KI eine wichtige Unterst\u00fctzung f\u00fcr die Medienbranche sein kann. Die Balance zwischen den Chancen und Herausforderungen der neuen Technologie zu finden, sei von gro\u00dfer Bedeutung.<\/p>\n\n\n\n<p>Die <a href=\"https:\/\/medientage.de\" data-type=\"link\" data-id=\"https:\/\/medientage.de\" target=\"_blank\" rel=\"noreferrer noopener\"><strong>Medientage M\u00fcnchen<\/strong><\/a> boten nicht nur Diskussionen, sondern auch Gelegenheiten zum Networking und zur Zusammenarbeit. Auf f\u00fcnf Konferenz-B\u00fchnen wurden Panel-Diskussionen und Vortr\u00e4ge angeboten, begleitet von einer Career-Erlebnismesse mit dem Schwerpunkt auf Jobs und Ausbildung in der Medienbranche.<\/p>\n\n\n\n<p>Die Veranstaltung endete mit einer positiven Bilanz. <strong>Dr. Thorsten Schmiege<\/strong>, Pr\u00e4sident der Bayerischen Landeszentrale f\u00fcr neue Medien (BLM), betonte, dass die MEDIENTAGE M\u00dcNCHEN 2023 besonders kommunikativ und inspirierend waren. Das Thema &#8222;Intelligence&#8220; habe die Auswirkungen der K\u00fcnstlichen Intelligenz in der Medienwelt greifbar gemacht.<\/p>\n\n\n\n<figure class=\"wp-block-image size-large\"><img loading=\"lazy\" decoding=\"async\" width=\"3000\" height=\"2250\" src=\"https:\/\/itva.cloud\/wp-content\/uploads\/2023\/10\/IMG_5997-3000x2250.jpeg\" alt=\"\" class=\"wp-image-636\" srcset=\"https:\/\/itva.cloud\/wp-content\/uploads\/2023\/10\/IMG_5997-3000x2250.jpeg 3000w, https:\/\/itva.cloud\/wp-content\/uploads\/2023\/10\/IMG_5997-300x225.jpeg 300w, https:\/\/itva.cloud\/wp-content\/uploads\/2023\/10\/IMG_5997-768x576.jpeg 768w, https:\/\/itva.cloud\/wp-content\/uploads\/2023\/10\/IMG_5997-1536x1152.jpeg 1536w, https:\/\/itva.cloud\/wp-content\/uploads\/2023\/10\/IMG_5997-2048x1536.jpeg 2048w, https:\/\/itva.cloud\/wp-content\/uploads\/2023\/10\/IMG_5997-1024x768.jpeg 1024w, https:\/\/itva.cloud\/wp-content\/uploads\/2023\/10\/IMG_5997-1440x1080.jpeg 1440w\" sizes=\"auto, (max-width: 3000px) 100vw, 3000px\" \/><\/figure>\n\n\n\n<p><em>&#8222;Die MEDIENTAGE M\u00dcNCHEN 2023 waren vermutlich die kommunikativsten ever. Das<br>Motto-Thema &#8218;Intelligence&#8216; h\u00e4tte relevanter nicht sein k\u00f6nnen: K\u00fcnstliche Intelligenz ist nach<br>diesen drei Tagen nicht mehr nur ein theoretischer Begriff, sondern greifbarer geworden &#8211; mit<br>all seinen Auswirkungen auf die Medienwelt.&#8220;<\/em> (Dr. Thorsten Schmiege, Pr\u00e4sident der Bayerischen Landeszentrale f\u00fcr neue Medien (BLM))<\/p>\n\n\n\n<p><em>&#8222;In der sehr anregenden Atmosph\u00e4re des House of Communication ist es uns gelungen, den<br>geeigneten Kommunikationsraum f\u00fcr inspirierende Debatten rund um das Thema KI zu schaffen&#8220;,<br>zeigte sich der Gesch\u00e4ftsf\u00fchrer der Medien.Bayern GmbH,<strong> Stefan Sutor<\/strong>, am Ende des<br>dritten Konferenztages sehr zufrieden. &#8222;Wenn disruptive Entwicklungen mit gro\u00dfer Dynamik Medienm\u00e4rkte und Gesch\u00e4ftsmodelle ver\u00e4ndern, ist es wichtig, dar\u00fcber zu sprechen, und zwar mit<br>Vertreter:innen m\u00f6glichst unterschiedlicher gesellschaftlicher Interessen. Deshalb verstehen wir<br>die MEDIENTAGE M\u00dcNCHEN als ein partizipatives Forum, auf dem wir auch k\u00fcnftig aktuelle<br>Medienentwicklungen begleiten wollen.&#8220;<\/em><\/p>\n\n\n\n<p>Insgesamt waren die <strong><a href=\"https:\/\/medientage.de\/media\/#videos\" data-type=\"link\" data-id=\"https:\/\/medientage.de\/media\/#videos\" target=\"_blank\" rel=\"noreferrer noopener\">37. Medientage M\u00fcnchen<\/a><\/strong> ein gro\u00dfer Erfolg, der die Bedeutung der Medienbranche in der digitalen \u00c4ra hervorhob. Mit klugen Diskussionen und transparenten Regulierungen k\u00f6nnen die Chancen der KI genutzt werden, ohne die menschliche Dimension in der Medienkommunikation zu vernachl\u00e4ssigen. Wir d\u00fcrfen gespannt sein auf die Entwicklungen in der Branche und die Medientage M\u00fcnchen im n\u00e4chsten Jahr.<\/p>\n\n\n\n<figure class=\"wp-block-image size-full\"><a href=\"https:\/\/twitter.com\/medientage_mtm\" target=\"_blank\" rel=\"noreferrer noopener\"><img loading=\"lazy\" decoding=\"async\" width=\"1186\" height=\"1030\" src=\"https:\/\/itva.cloud\/wp-content\/uploads\/2023\/10\/Medientage-Twitter.jpg\" alt=\"\" class=\"wp-image-650\" srcset=\"https:\/\/itva.cloud\/wp-content\/uploads\/2023\/10\/Medientage-Twitter.jpg 1186w, https:\/\/itva.cloud\/wp-content\/uploads\/2023\/10\/Medientage-Twitter-300x261.jpg 300w, https:\/\/itva.cloud\/wp-content\/uploads\/2023\/10\/Medientage-Twitter-768x667.jpg 768w, https:\/\/itva.cloud\/wp-content\/uploads\/2023\/10\/Medientage-Twitter-1024x889.jpg 1024w\" sizes=\"auto, (max-width: 1186px) 100vw, 1186px\" \/><\/a><\/figure>\n","protected":false},"excerpt":{"rendered":"<p>Die 37. Medientage M\u00fcnchen, die vom 25. bis 27. Oktober 2023 im House of Communication der Serviceplan Group und im umliegenden Werksviertel stattfanden, zogen \u00fcber 5.000 Besucher und mehr als 350 Experten, wie z.B. der KI-Forscher Prof. Dr. Bj\u00f6rn Ommer und die TransformationsforscherinProf. Dr. Maja G\u00f6pel oder den Google-Manager Philipp Justus aus verschiedenen Bereichen der&hellip; <br \/> <a class=\"read-more\" href=\"https:\/\/itva.cloud\/index.php\/2023\/10\/28\/alles-ki-oder-was-die-medientage-munchen-2023-im-house-of-communication\/\">Weiterlesen<\/a><\/p>\n","protected":false},"author":2,"featured_media":639,"comment_status":"closed","ping_status":"closed","sticky":false,"template":"","format":"standard","meta":{"footnotes":""},"categories":[7,15,41,81,6,11,1,12,9,42],"tags":[55,150,151,153,156,59,60,158,143,159,154,155,157],"class_list":["post-630","post","type-post","status-publish","format-standard","has-post-thumbnail","hentry","category-ai","category-big-data","category-marketing","category-messen-events","category-technology","category-tv-video","category-uncategorized","category-virtual-reality","category-visionen","category-weiterbildung","tag-ai","tag-dr-florian-herrmann","tag-dr-thorsten-schmiege","tag-house-of-communication","tag-intelligence","tag-ki","tag-kunstliche-intelligenz","tag-medien-bayern-gmbh","tag-medientage-munchen","tag-philipp-justus","tag-prof-dr-bjorn-ommer","tag-prof-dr-maja-gopel","tag-stefan-sutor"],"_links":{"self":[{"href":"https:\/\/itva.cloud\/index.php\/wp-json\/wp\/v2\/posts\/630","targetHints":{"allow":["GET"]}}],"collection":[{"href":"https:\/\/itva.cloud\/index.php\/wp-json\/wp\/v2\/posts"}],"about":[{"href":"https:\/\/itva.cloud\/index.php\/wp-json\/wp\/v2\/types\/post"}],"author":[{"embeddable":true,"href":"https:\/\/itva.cloud\/index.php\/wp-json\/wp\/v2\/users\/2"}],"replies":[{"embeddable":true,"href":"https:\/\/itva.cloud\/index.php\/wp-json\/wp\/v2\/comments?post=630"}],"version-history":[{"count":15,"href":"https:\/\/itva.cloud\/index.php\/wp-json\/wp\/v2\/posts\/630\/revisions"}],"predecessor-version":[{"id":653,"href":"https:\/\/itva.cloud\/index.php\/wp-json\/wp\/v2\/posts\/630\/revisions\/653"}],"wp:featuredmedia":[{"embeddable":true,"href":"https:\/\/itva.cloud\/index.php\/wp-json\/wp\/v2\/media\/639"}],"wp:attachment":[{"href":"https:\/\/itva.cloud\/index.php\/wp-json\/wp\/v2\/media?parent=630"}],"wp:term":[{"taxonomy":"category","embeddable":true,"href":"https:\/\/itva.cloud\/index.php\/wp-json\/wp\/v2\/categories?post=630"},{"taxonomy":"post_tag","embeddable":true,"href":"https:\/\/itva.cloud\/index.php\/wp-json\/wp\/v2\/tags?post=630"}],"curies":[{"name":"wp","href":"https:\/\/api.w.org\/{rel}","templated":true}]}}