{"id":610,"date":"2022-10-12T17:20:41","date_gmt":"2022-10-12T16:20:41","guid":{"rendered":"https:\/\/www.itva.eu\/?p=610"},"modified":"2022-10-12T17:20:41","modified_gmt":"2022-10-12T16:20:41","slug":"mtm22-die-36-medientage-munchen-wieder-in-voller-prasenz-im-icm","status":"publish","type":"post","link":"https:\/\/itva.cloud\/index.php\/2022\/10\/12\/mtm22-die-36-medientage-munchen-wieder-in-voller-prasenz-im-icm\/","title":{"rendered":"#MTM22 die 36. MEDIENTAGE M\u00dcNCHEN wieder in voller Pr\u00e4senz im ICM"},"content":{"rendered":"\n<p>Trolle Speaker und Neuzug\u00e4nge bei den <strong>36. Medientagen M\u00fcnchen<\/strong>, die vom <strong>18. bis 20. Oktober 2022<\/strong> wieder als vollwertige Pr\u00e4senzveranstaltung stattfinden k\u00f6nnen. Nicht nur <strong>Wladimir Klitschko<\/strong> spricht beim MEDIENTAGE Gipfel, sondern auch Melanie Amann vom Spiegel diskutiert in der Runde \u201eTelling the stories that matter\u201c. Die \u00f6sterreichische Bundesministerin f\u00fcr Medien Dr. Susanne Raab spricht am Mittwoch im Panel &#8222;Going Local for Democracy&#8220; und Thomas Hinrichs und Dr. Wolfram Weimer diskutieren zum &#8222;Neustart nach der Krise &#8211; Was muss der \u00f6ffentlich-rechtliche Rundfunk \u00e4ndern?<\/p>\n\n\n\n<p>>> <a rel=\"noreferrer noopener\" href=\"https:\/\/medientage.de\/programm\/\" target=\"_blank\"><strong>Hier finden Sie das MTM22 Programm<\/strong><\/a><\/p>\n\n\n\n<p><strong>Auch die Nacht der Medien ist zur\u00fcck<\/strong><br>Networken und Feiern mit rund 800 Entscheider:innen aus Broadcast und Digital Business, im architektonisch reizvollen Doppelkegel, der BMW Welt. Mit interessanten G\u00e4sten aus Produktion, Publishing, Werbung und Kreation. Unter dem Motto MORE RELEVANT THAN EVER die gro\u00dfe Bedeutung der Medien in der heutigen Zeit zelebrieren die Medientage die Vielfalt und den positiven Einfluss, den gut gemachte Medien\u00adbeitr\u00e4ge erzeugen k\u00f6nnen.<\/p>\n\n\n\n<p>Die <strong>Nacht der Medien findet am Mittwoch, 19. Oktober 2022 ab 20:00 Uhr<\/strong> im <strong>Doppelkegel der BMW Welt<\/strong> statt. Seien sie bei diesem exklusiven Abend in M\u00fcnchen mit dabei und verbinden Sie Kontaktpflege mit Vergn\u00fcgen!<\/p>\n\n\n\n<p>>> <strong><a href=\"https:\/\/medientage.de\/tickets\/\">Hier finden Sie alle Informationen zu den Tickets<\/a> <\/strong><\/p>\n\n\n\n<figure class=\"wp-block-image size-full\"><img loading=\"lazy\" decoding=\"async\" width=\"900\" height=\"505\" src=\"https:\/\/itva.cloud\/wp-content\/uploads\/2022\/10\/Medientage-Muenchen-2022.jpg\" alt=\"\" class=\"wp-image-612\" srcset=\"https:\/\/itva.cloud\/wp-content\/uploads\/2022\/10\/Medientage-Muenchen-2022.jpg 900w, https:\/\/itva.cloud\/wp-content\/uploads\/2022\/10\/Medientage-Muenchen-2022-300x168.jpg 300w, https:\/\/itva.cloud\/wp-content\/uploads\/2022\/10\/Medientage-Muenchen-2022-768x431.jpg 768w\" sizes=\"auto, (max-width: 900px) 100vw, 900px\" \/><figcaption><strong>36. <a rel=\"noreferrer noopener\" href=\"https:\/\/medientage.de\" target=\"_blank\">Medientage M\u00fcnchen<\/a> von 18. bis 20. Oktober 2022<\/strong> &#8211; <strong>More Relevant Than Ever<\/strong> <\/figcaption><\/figure>\n","protected":false},"excerpt":{"rendered":"<p>Trolle Speaker und Neuzug\u00e4nge bei den 36. Medientagen M\u00fcnchen, die vom 18. bis 20. Oktober 2022 wieder als vollwertige Pr\u00e4senzveranstaltung stattfinden k\u00f6nnen. Nicht nur Wladimir Klitschko spricht beim MEDIENTAGE Gipfel, sondern auch Melanie Amann vom Spiegel diskutiert in der Runde \u201eTelling the stories that matter\u201c. Die \u00f6sterreichische Bundesministerin f\u00fcr Medien Dr. Susanne Raab spricht am&hellip; <br \/> <a class=\"read-more\" href=\"https:\/\/itva.cloud\/index.php\/2022\/10\/12\/mtm22-die-36-medientage-munchen-wieder-in-voller-prasenz-im-icm\/\">Weiterlesen<\/a><\/p>\n","protected":false},"author":2,"featured_media":611,"comment_status":"closed","ping_status":"closed","sticky":false,"template":"","format":"standard","meta":{"footnotes":""},"categories":[7,5,41,81,6,11,1,9,8,42],"tags":[148,145,144,143,149,146,147],"class_list":["post-610","post","type-post","status-publish","format-standard","has-post-thumbnail","hentry","category-ai","category-filme","category-marketing","category-messen-events","category-technology","category-tv-video","category-uncategorized","category-visionen","category-visualisation","category-weiterbildung","tag-mtm22","tag-broadcast","tag-digital-business","tag-medientage-munchen","tag-nacht-der-medien","tag-tv","tag-wladimir-klitschko"],"_links":{"self":[{"href":"https:\/\/itva.cloud\/index.php\/wp-json\/wp\/v2\/posts\/610","targetHints":{"allow":["GET"]}}],"collection":[{"href":"https:\/\/itva.cloud\/index.php\/wp-json\/wp\/v2\/posts"}],"about":[{"href":"https:\/\/itva.cloud\/index.php\/wp-json\/wp\/v2\/types\/post"}],"author":[{"embeddable":true,"href":"https:\/\/itva.cloud\/index.php\/wp-json\/wp\/v2\/users\/2"}],"replies":[{"embeddable":true,"href":"https:\/\/itva.cloud\/index.php\/wp-json\/wp\/v2\/comments?post=610"}],"version-history":[{"count":1,"href":"https:\/\/itva.cloud\/index.php\/wp-json\/wp\/v2\/posts\/610\/revisions"}],"predecessor-version":[{"id":613,"href":"https:\/\/itva.cloud\/index.php\/wp-json\/wp\/v2\/posts\/610\/revisions\/613"}],"wp:featuredmedia":[{"embeddable":true,"href":"https:\/\/itva.cloud\/index.php\/wp-json\/wp\/v2\/media\/611"}],"wp:attachment":[{"href":"https:\/\/itva.cloud\/index.php\/wp-json\/wp\/v2\/media?parent=610"}],"wp:term":[{"taxonomy":"category","embeddable":true,"href":"https:\/\/itva.cloud\/index.php\/wp-json\/wp\/v2\/categories?post=610"},{"taxonomy":"post_tag","embeddable":true,"href":"https:\/\/itva.cloud\/index.php\/wp-json\/wp\/v2\/tags?post=610"}],"curies":[{"name":"wp","href":"https:\/\/api.w.org\/{rel}","templated":true}]}}