{"id":472,"date":"2020-11-26T22:47:46","date_gmt":"2020-11-26T21:47:46","guid":{"rendered":"http:\/\/www.itva.eu\/?p=472"},"modified":"2020-11-26T22:48:54","modified_gmt":"2020-11-26T21:48:54","slug":"vom-virus-lernen-utopien-fur-die-zukunft-von-kommunikation-im-raum","status":"publish","type":"post","link":"https:\/\/itva.cloud\/index.php\/2020\/11\/26\/vom-virus-lernen-utopien-fur-die-zukunft-von-kommunikation-im-raum\/","title":{"rendered":"Vom Virus lernen? &#8211; Utopien f\u00fcr die Zukunft von Kommunikation im Raum"},"content":{"rendered":"\n<p><a rel=\"noreferrer noopener\" href=\"https:\/\/www.raum-welten.com\" target=\"_blank\"><strong>Raumwelten ONLINE<\/strong><\/a> zieht positives Fazit. Drei Tage Live-Stream, 60 Speaker vor Ort und virtuell zugeschaltet, digitales Networking, Workshops und Dokumentarfilme, sowie das audiovisuelle Ambient Lab Festival machten das Programm von der ersten digitalen Ausgabe von Raumwelten zu einem vollen Erfolg!<\/p>\n\n\n\n<p>Die diesj\u00e4hrige und erstmalig digitale Raumwelten Konferenz unter dem Motto &#8222;<strong>20202.0 &#8211; please Install New Spatial System Now!<\/strong>&#8220; begeisterte die Branche und brachte die Konferenz auf den eigenen Bildschirm: Im Herzst\u00fcck der Konferenz der <strong>Live-Stream<\/strong>, gesendet aus dem <strong>Kunstzentrum Karlskaserne Ludwigsburg<\/strong>, mit den kuratierten Panels, Keynotes, der Opening Lecture und der Special Lecture sowie diversen Q&amp;As, dazu digitale Workshops und Formate sowie vielf\u00e4ltige Wege, mit anderen Teilnehmenden in Kontakt zu treten.<\/p>\n\n\n\n<figure class=\"wp-block-image size-large\"><a href=\"https:\/\/www.raum-welten.com\"><img loading=\"lazy\" decoding=\"async\" width=\"739\" height=\"1024\" src=\"https:\/\/itva.cloud\/wp-content\/uploads\/2020\/11\/Raumwelten-2020-Plakat.png\" alt=\"\" class=\"wp-image-477\" srcset=\"https:\/\/itva.cloud\/wp-content\/uploads\/2020\/11\/Raumwelten-2020-Plakat.png 739w, https:\/\/itva.cloud\/wp-content\/uploads\/2020\/11\/Raumwelten-2020-Plakat-217x300.png 217w\" sizes=\"auto, (max-width: 739px) 100vw, 739px\" \/><\/a><\/figure>\n\n\n\n<p>Die Nachfrage an <strong>Online-Zug\u00e4ngen<\/strong> mit rund 500 Akkreditieren und die intensive Nutzung der Angebote f\u00fcr Professionals, das Feedback an den Veranstalter sowie der Austausch mit- und untereinander, best\u00e4tigen das Konzept von Raumwelten ONLINE und haben die Erwartungen \u00fcbertroffen. Rund 3.000 Views im Konferenz-Live-Stream f\u00fcr die akkreditierten Raumwelten-G\u00e4ste sowie 1.500 Views im kostenlosen Live-Stream mit dem <strong>Ambient Lab Festival<\/strong> und dem <strong>Tricks For Kids-Filmprogramm<\/strong> f\u00fcr das breite Publikum zeigen, dass das Angebot von der Raumwelten Konferenz und Raumwelten Public ankommt. Die Vortr\u00e4ge, Filme und Clips in der Mediathek, die nur f\u00fcr die Akkreditierten einsehbar sind, wurden bislang schon 1.000 mal angesehen und stehen <strong>noch bis 29. November<\/strong> zur Verf\u00fcgung.<\/p>\n\n\n\n<p>Auch die <strong>digitalen Workshops<\/strong> wurden erfolgreich angenommen, so nahmen bastelfreudigen Kindern waren die Workshops beim schon in der Vorjahren \u00e4u\u00dferst beliebten Raumwelten Familientag trotz rein digitaler Durchf\u00fchrung &#8211; ausgebucht. Mit der Simultan-\u00dcbersetzung des Live-Streams ins Englische konnten zudem neue internationale Teilnehmergruppen gewonnen werden. Von den 505 Akkreditierten stammten rund 10 Prozent aus dem Ausland.<\/p>\n\n\n\n<figure class=\"wp-block-image size-large\"><img loading=\"lazy\" decoding=\"async\" width=\"1024\" height=\"683\" src=\"https:\/\/itva.cloud\/wp-content\/uploads\/2020\/11\/Raumwelten-2020-02-1.jpg\" alt=\"\" class=\"wp-image-478\" srcset=\"https:\/\/itva.cloud\/wp-content\/uploads\/2020\/11\/Raumwelten-2020-02-1.jpg 1024w, https:\/\/itva.cloud\/wp-content\/uploads\/2020\/11\/Raumwelten-2020-02-1-300x200.jpg 300w, https:\/\/itva.cloud\/wp-content\/uploads\/2020\/11\/Raumwelten-2020-02-1-768x512.jpg 768w\" sizes=\"auto, (max-width: 1024px) 100vw, 1024px\" \/><\/figure>\n\n\n\n<p>Innovative Konzepte und Ideen von <strong><a href=\"https:\/\/www.raum-welten.com\/programm\/speaker\/\" target=\"_blank\" rel=\"noreferrer noopener\">Top-Speakern<\/a><\/strong> und <strong>Young Talents<\/strong><br>Das Kurator*innen-Team von Raumwelten, bestehend aus <strong>Prof. Tobias Wallisser<\/strong> (L.A.V.A. &#8211; Laboratory for Visionary Architecture), <strong>Jean-Louis Vidi\u00e8re<\/strong> (freier Szenograf und Konzeptor), <strong>Janina Poesch<\/strong> und <strong>Sabine Marinescu<\/strong> (PLOT) sowie <strong>Charlotte Tamschick<\/strong> (TAMSCHICK Media+Space), bot mit in seinen Panels eine Bandbreite an Top Speakern, aber auch jungen Talenten, die sich mit dem &#8222;<strong>20202.0 &#8211; please Install New Spatial System Now!<\/strong>&#8220; auseinandergesetzt haben. Aus ganz unterschiedlichen Sichtweisen wurde diskutiert, wie Kommunikation im Raum und Architektur mit den Limitierungen im Raum umgeht und <strong>welche positiven Chancen das f\u00fcr eine postpandemische Zeit bringt<\/strong>. Welche Utopien gibt es und wie k\u00f6nnen Stadtplaner, Architekten, Szenografen, Medienk\u00fcnstler die Welt ein wenig besser machen?<\/p>\n\n\n\n<figure class=\"wp-block-image size-large\"><a href=\"https:\/\/online.raum-welten.com\/netzwerk\/multiuser-platform\/\" target=\"_blank\" rel=\"noopener noreferrer\"><img loading=\"lazy\" decoding=\"async\" width=\"1024\" height=\"439\" src=\"https:\/\/itva.cloud\/wp-content\/uploads\/2020\/11\/RaumWelten-Online-2020-Lichtwolke.jpg\" alt=\"\" class=\"wp-image-479\" srcset=\"https:\/\/itva.cloud\/wp-content\/uploads\/2020\/11\/RaumWelten-Online-2020-Lichtwolke.jpg 1024w, https:\/\/itva.cloud\/wp-content\/uploads\/2020\/11\/RaumWelten-Online-2020-Lichtwolke-300x129.jpg 300w, https:\/\/itva.cloud\/wp-content\/uploads\/2020\/11\/RaumWelten-Online-2020-Lichtwolke-768x329.jpg 768w\" sizes=\"auto, (max-width: 1024px) 100vw, 1024px\" \/><\/a><\/figure>\n\n\n\n<p><strong>Save the Date: Das n\u00e4chste <a href=\"https:\/\/www.raum-welten.com\" target=\"_blank\" rel=\"noreferrer noopener\">Raumwelten<\/a> findet vom 17. bis 19. November 2021 statt.<\/strong><\/p>\n\n\n\n<p><em>Raumwelten ist eine Veranstaltung der <a href=\"https:\/\/www.festival-gmbh.de\" target=\"_blank\" rel=\"noreferrer noopener\"><strong>Film- und Medienfestival gGmbH<\/strong><\/a> in Zusammenarbeit mit der Wirtschaftsf\u00f6rderung Region Stuttgart GmbH.<\/em><\/p>\n","protected":false},"excerpt":{"rendered":"<p>Raumwelten ONLINE zieht positives Fazit. Drei Tage Live-Stream, 60 Speaker vor Ort und virtuell zugeschaltet, digitales Networking, Workshops und Dokumentarfilme, sowie das audiovisuelle Ambient Lab Festival machten das Programm von der ersten digitalen Ausgabe von Raumwelten zu einem vollen Erfolg! Die diesj\u00e4hrige und erstmalig digitale Raumwelten Konferenz unter dem Motto &#8222;20202.0 &#8211; please Install New&hellip; <br \/> <a class=\"read-more\" href=\"https:\/\/itva.cloud\/index.php\/2020\/11\/26\/vom-virus-lernen-utopien-fur-die-zukunft-von-kommunikation-im-raum\/\">Weiterlesen<\/a><\/p>\n","protected":false},"author":2,"featured_media":474,"comment_status":"closed","ping_status":"closed","sticky":false,"template":"","format":"standard","meta":{"footnotes":""},"categories":[7,5,81,6,1,12,9,8],"tags":[126,127,132,135,130,129,133,125,128,134,122,131,123,124,136],"class_list":["post-472","post","type-post","status-publish","format-standard","has-post-thumbnail","hentry","category-ai","category-filme","category-messen-events","category-technology","category-uncategorized","category-virtual-reality","category-visionen","category-visualisation","tag-20202-0-please-install-new-spatial-system-now","tag-ambient-lab-festival","tag-charlotte-tamschick","tag-film-und-medienfestival-ggmbh","tag-janina-poesch","tag-jean-louis-vidiere","tag-kommunikation-im-raum","tag-kunstzentrum-karlskaserne-ludwigsburg","tag-l-a-v-a-laboratory-for-visionary-architecture","tag-postpandemische-zeit","tag-raumwelten","tag-sabine-marinescu","tag-utopien","tag-virus","tag-wirtschaftsforderung-region-stuttgart-gmbh"],"_links":{"self":[{"href":"https:\/\/itva.cloud\/index.php\/wp-json\/wp\/v2\/posts\/472","targetHints":{"allow":["GET"]}}],"collection":[{"href":"https:\/\/itva.cloud\/index.php\/wp-json\/wp\/v2\/posts"}],"about":[{"href":"https:\/\/itva.cloud\/index.php\/wp-json\/wp\/v2\/types\/post"}],"author":[{"embeddable":true,"href":"https:\/\/itva.cloud\/index.php\/wp-json\/wp\/v2\/users\/2"}],"replies":[{"embeddable":true,"href":"https:\/\/itva.cloud\/index.php\/wp-json\/wp\/v2\/comments?post=472"}],"version-history":[{"count":3,"href":"https:\/\/itva.cloud\/index.php\/wp-json\/wp\/v2\/posts\/472\/revisions"}],"predecessor-version":[{"id":481,"href":"https:\/\/itva.cloud\/index.php\/wp-json\/wp\/v2\/posts\/472\/revisions\/481"}],"wp:featuredmedia":[{"embeddable":true,"href":"https:\/\/itva.cloud\/index.php\/wp-json\/wp\/v2\/media\/474"}],"wp:attachment":[{"href":"https:\/\/itva.cloud\/index.php\/wp-json\/wp\/v2\/media?parent=472"}],"wp:term":[{"taxonomy":"category","embeddable":true,"href":"https:\/\/itva.cloud\/index.php\/wp-json\/wp\/v2\/categories?post=472"},{"taxonomy":"post_tag","embeddable":true,"href":"https:\/\/itva.cloud\/index.php\/wp-json\/wp\/v2\/tags?post=472"}],"curies":[{"name":"wp","href":"https:\/\/api.w.org\/{rel}","templated":true}]}}