{"id":1239,"date":"2026-08-30T19:57:31","date_gmt":"2026-08-30T18:57:31","guid":{"rendered":"https:\/\/itva.cloud\/?p=1239"},"modified":"2026-08-30T19:57:31","modified_gmt":"2026-08-30T18:57:31","slug":"time100-ai-2026-wenn-technology-visualisation-ai-zusammenwachsen","status":"publish","type":"post","link":"https:\/\/itva.cloud\/index.php\/2026\/08\/30\/time100-ai-2026-wenn-technology-visualisation-ai-zusammenwachsen\/","title":{"rendered":"TIME100 AI 2026: Wenn Technology, Visualisation &amp; AI zusammenwachsen"},"content":{"rendered":"\n<p>K\u00fcnstliche Intelligenz ist l\u00e4ngst mehr als ein Technologie-Thema. Sie ver\u00e4ndert Wirtschaft, Medien, Wissenschaft, Politik, Kreativit\u00e4t und zunehmend unseren Alltag. Mit der <strong><a href=\"https:\/\/time.com\/collection\/time100-ai\/2026\/\" target=\"_blank\" rel=\"noreferrer noopener\">TIME100 AI 2026<\/a><\/strong> stellt das US-Magazin TIME jetzt zum vierten Mal <strong>100 Pers\u00f6nlichkeiten<\/strong> vor, die diese Entwicklung besonders stark pr\u00e4gen.<\/p>\n\n\n\n<p>Die aktuelle Liste wurde am 27. August 2026 ver\u00f6ffentlicht. Die Grundidee hinter der Initiative ist bemerkenswert: <strong>Nicht die Maschinen selbst gestalten die Zukunft der k\u00fcnstlichen Intelligenz, sondern die Menschen<\/strong>, die sie entwickeln, finanzieren, regulieren, hinterfragen und kreativ einsetzen. TIME hatte die TIME100 AI 2023 ins Leben gerufen, kurz nachdem generative KI durch ChatGPT weltweit in den Mittelpunkt der \u00f6ffentlichen Aufmerksamkeit ger\u00fcckt war.\u00a0<\/p>\n\n\n\n<p><strong>Von der Technologie zum gesellschaftlichen Betriebssystem<\/strong><\/p>\n\n\n\n<p>Innerhalb von nur wenigen Jahren hat sich AI von einer faszinierenden Technologie zu einer Art digitaler Infrastruktur entwickelt. TIME-Chefredakteur Sam Jacobs beschreibt diese Entwicklung treffend: KI sei von einer \u201ecuriosity\u201c zu einer Konstante geworden, die beeinflusst, wie wir arbeiten, unser Leben organisieren und Informationen suchen.<\/p>\n\n\n\n<p><strong>Die 100 Pers\u00f6nlichkeiten werden in vier Gruppen unterteilt:<\/strong><\/p>\n\n\n\n<p><strong><a href=\"https:\/\/time.com\/collection\/time100-ai\/2026\/?filters=Leaders\" target=\"_blank\" rel=\"noreferrer noopener\">Leaders<\/a><\/strong> stehen f\u00fcr unternehmerische und strategische Macht, <strong><a href=\"https:\/\/time.com\/collection\/time100-ai\/2026\/?filters=Innovators\" target=\"_blank\" rel=\"noreferrer noopener\">Innovators<\/a><\/strong> f\u00fcr neue Technologien und Anwendungen, <strong><a href=\"https:\/\/time.com\/collection\/time100-ai\/2026\/?filters=Shapers\" target=\"_blank\" rel=\"noreferrer noopener\">Shapers<\/a><\/strong> f\u00fcr Menschen, die gesellschaftliche, politische oder kulturelle Rahmenbedingungen ver\u00e4ndern, und <strong><a href=\"https:\/\/time.com\/collection\/time100-ai\/2026\/?filters=Thinkers\" target=\"_blank\" rel=\"noreferrer noopener\">Thinkers<\/a><\/strong> f\u00fcr Wissenschaftler und Vordenker, die sich mit den grunds\u00e4tzlichen M\u00f6glichkeiten und Risiken der k\u00fcnstlichen Intelligenz besch\u00e4ftigen.<\/p>\n\n\n\n<p>Damit zeigt TIME zugleich: Die AI-Revolution wird l\u00e4ngst nicht mehr allein in Forschungslaboren entschieden.<\/p>\n\n\n\n<p><strong>Altman, Musk, Amodei \u2013 aber l\u00e4ngst nicht nur die \u00fcblichen Tech-Stars<\/strong><\/p>\n\n\n\n<p>Zu den bekannten Namen der TIME100 AI 2026 geh\u00f6ren erneut f\u00fchrende Pers\u00f6nlichkeiten der internationalen Technologiebranche. Dazu z\u00e4hlen unter anderem <strong><a href=\"https:\/\/time.com\/collection\/time100-ai\/2026\/mark-chen-sam-altman-greg-brockman\/?filters=Leaders\" target=\"_blank\" rel=\"noreferrer noopener\">Sam Altman und Greg Brockman von OpenAI<\/a>, <a href=\"https:\/\/time.com\/collection\/time100-ai\/2026\/elon-musk\/?filters=Leaders\" target=\"_blank\" rel=\"noreferrer noopener\">Elon Musk<\/a>, die <a href=\"https:\/\/time.com\/collection\/time100-ai\/2026\/dario-amodei-daniela-amodei\/?filters=Leaders\" target=\"_blank\" rel=\"noreferrer noopener\">Anthropic-Gr\u00fcnder Dario und Daniela Amodei<\/a>, Amazon-Gr\u00fcnder Jeff Bezos, Oracle-Mitgr\u00fcnder Larry Ellison sowie IBM-CEO Arvind Krishna<\/strong>.<\/p>\n\n\n\n<p><strong>Doch die Liste macht gleichzeitig deutlich, wie stark sich das Machtzentrum der KI verschiebt.<\/strong><\/p>\n\n\n\n<p>Neben den Entwicklern der gro\u00dfen Modelle gewinnen Halbleiterproduzenten, Cloud-Anbieter, Rechenzentren, Energieinfrastruktur und internationale Technologieunternehmen an Bedeutung. Unternehmen aus China und anderen Teilen Asiens spielen dabei eine immer wichtigere Rolle. AI ist heute nicht mehr nur ein Wettlauf um das intelligenteste Modell \u2013 sondern um Chips, Energie, Daten, Rechenleistung, Talente und globale Plattformen.<\/p>\n\n\n\n<figure class=\"wp-block-image size-full\"><img loading=\"lazy\" decoding=\"async\" width=\"1672\" height=\"941\" src=\"https:\/\/itva.cloud\/wp-content\/uploads\/2026\/08\/AI-is-changing-Film-01.jpg\" alt=\"\" class=\"wp-image-1246\" srcset=\"https:\/\/itva.cloud\/wp-content\/uploads\/2026\/08\/AI-is-changing-Film-01.jpg 1672w, https:\/\/itva.cloud\/wp-content\/uploads\/2026\/08\/AI-is-changing-Film-01-300x169.jpg 300w, https:\/\/itva.cloud\/wp-content\/uploads\/2026\/08\/AI-is-changing-Film-01-768x432.jpg 768w, https:\/\/itva.cloud\/wp-content\/uploads\/2026\/08\/AI-is-changing-Film-01-1536x864.jpg 1536w, https:\/\/itva.cloud\/wp-content\/uploads\/2026\/08\/AI-is-changing-Film-01-1024x576.jpg 1024w\" sizes=\"auto, (max-width: 1672px) 100vw, 1672px\" \/><\/figure>\n\n\n\n<p><strong>Kreativit\u00e4t wird zum zentralen AI-Thema<\/strong><\/p>\n\n\n\n<p>Aus Sicht des <strong>ITVA \u2013 Institute of Technology, Visualisation &amp; AI<\/strong> ist diese Entwicklung besonders spannend. Denn sie zeigt: AI wird nicht mehr nur \u00fcber leistungsf\u00e4higere Sprachmodelle definiert. Entscheidend wird zunehmend, <strong>wie Technologie sichtbar, erlebbar und kreativ nutzbar wird.<\/strong><\/p>\n\n\n\n<p><strong>&#x1f3ac; <a href=\"https:\/\/time.com\/collection\/time100-ai\/2026\/ben-affleck\/?filters=Innovators\" target=\"_blank\" rel=\"noreferrer noopener\">Ben Affleck<\/a> \u2013 AI als Werkzeug f\u00fcr Filmemacher<\/strong><\/p>\n\n\n\n<p>Besonders bemerkenswert ist die Aufnahme von <strong>Ben Affleck<\/strong> in die Kategorie \u201eInnovators\u201c. Der Schauspieler, Regisseur und Produzent gr\u00fcndete mit <strong><a href=\"https:\/\/www.youtube.com\/watch?v=QyjtMwG3Pfo\" target=\"_blank\" rel=\"noreferrer noopener\">InterPositive<\/a><\/strong> ein Unternehmen, das AI f\u00fcr Film- und Postproduktionsprozesse entwickelt. Ziel ist es, zeit- und kostenintensive technische Arbeiten zu automatisieren und Kreativen dadurch mehr Raum f\u00fcr die eigentliche menschliche Arbeit zu geben. Im M\u00e4rz wurde <strong><a href=\"https:\/\/about.netflix.com\/en\/news\/why-interpositive-is-joining-netflix\">InterPositive an Netflix<\/a><\/strong> verkauft; Affleck wechselte gleichzeitig in eine beratende Rolle.<\/p>\n\n\n\n<p><strong>&#x1f3a5; <a href=\"https:\/\/time.com\/collection\/time100-ai\/2026\/joseph-gordon-levitt\/\" target=\"_blank\" rel=\"noreferrer noopener\">Joseph Gordon-Levitt<\/a> \u2013 der Mensch muss Geschichtenerz\u00e4hler bleiben<\/strong><\/p>\n\n\n\n<p>Noch grunds\u00e4tzlicher besch\u00e4ftigt sich <strong>Joseph Gordon-Levitt<\/strong> mit der Zukunft des Storytellings. Der Schauspieler und Filmemacher geh\u00f6rt zu den Gr\u00fcndern der <strong>Creators Coalition on AI<\/strong>, die sich f\u00fcr faire Verg\u00fctung, Schutz kreativer Arbeit und Regeln gegen Deepfakes einsetzt. Gleichzeitig entwickelt Gordon-Levitt einen AI-Thriller, der die gesellschaftlichen Folgen k\u00fcnstlicher Intelligenz erz\u00e4hlerisch erfahrbar machen soll.<\/p>\n\n\n\n<p><strong>&#x1f441; <a href=\"https:\/\/time.com\/collection\/time100-ai\/2026\/alessandra-sala\/\" target=\"_blank\" rel=\"noreferrer noopener\">Alessandra Sala<\/a> \u2013 k\u00f6nnen wir unseren Bildern noch vertrauen?<\/strong><\/p>\n\n\n\n<p>Eine dritte f\u00fcr die visuelle Medienwelt wichtige Pers\u00f6nlichkeit ist <strong>Alessandra Sala<\/strong>, Senior Director AI &amp; Data Science bei Shutterstock. Sie besch\u00e4ftigt sich intensiv mit der Authentizit\u00e4t AI-generierter Bilder und Videos und arbeitet an Standards, mit denen synthetische Medien und Deepfakes besser erkannt werden k\u00f6nnen.<\/p>\n\n\n\n<figure class=\"wp-block-embed is-type-video is-provider-youtube wp-block-embed-youtube wp-embed-aspect-16-9 wp-has-aspect-ratio\"><div class=\"wp-block-embed__wrapper\">\n<div class='embed-container'><iframe loading=\"lazy\" title=\"What Ben Affleck&#039;s AI Company InterPositive Actually Does\" width=\"1920\" height=\"1080\" src=\"https:\/\/www.youtube.com\/embed\/QyjtMwG3Pfo?feature=oembed\" frameborder=\"0\" allow=\"accelerometer; autoplay; clipboard-write; encrypted-media; gyroscope; picture-in-picture; web-share\" referrerpolicy=\"strict-origin-when-cross-origin\" allowfullscreen><\/iframe><\/div>\n<\/div><\/figure>\n\n\n\n<p><strong>Technology. Visualisation. AI.<\/strong><\/p>\n\n\n\n<p>Genau hier treffen sich die Themen des ITVA: <strong>Technologie erm\u00f6glicht neue Produktionsformen. Visualisation macht AI sichtbar und emotional. Artificial Intelligence ver\u00e4ndert schlie\u00dflich den gesamten kreativen Prozess.<\/strong><\/p>\n\n\n\n<p>AI-Film ist damit l\u00e4ngst keine Zukunftsvision mehr. Die entscheidende Frage lautet jetzt:<\/p>\n\n\n\n<p><strong>Wie nutzen wir die neuen M\u00f6glichkeiten, ohne Kreativit\u00e4t, Urheberschaft und menschliches Storytelling aus der Hand zu geben?<\/strong><\/p>\n\n\n\n<p>Gerade in Film, Video, Musik, Design und Corporate Communication erleben wir derzeit einen fundamentalen Wandel. AI kann Bilder erzeugen, Filme produzieren, Stimmen synthetisieren, Musik komponieren und komplette virtuelle Pers\u00f6nlichkeiten entstehen lassen.<\/p>\n\n\n\n<p>Die entscheidende Frage lautet deshalb immer weniger: <strong>Was kann k\u00fcnstliche Intelligenz?<\/strong><br>Sondern: <strong>Was wollen wir Menschen damit machen?<\/strong><\/p>\n\n\n\n<p>Technologischer Einfluss bedeutet nicht automatisch technologischen Fortschritt. Fragen nach AI Safety, Transparenz, Copyright, Arbeitspl\u00e4tzen, Deepfakes, milit\u00e4rischer Nutzung und gesellschaftlicher Kontrolle werden genauso wichtig wie neue Modelle und spektakul\u00e4re Produkt-Releases.<\/p>\n\n\n\n<p>Deshalb geh\u00f6ren zu den einflussreichsten AI-Pers\u00f6nlichkeiten inzwischen auch Forscher und Vordenker wie <strong>Mira Murati, Ilya Sutskever, Fei-Fei Li und Yann LeCun<\/strong>. <\/p>\n\n\n\n<p>TIME beschreibt das AI-Jahr 2026 entsprechend als von gro\u00dfen Versprechen, aber ebenso gro\u00dfen \u00c4ngsten und Konflikten gepr\u00e4gt. <\/p>\n\n\n\n<p><strong>Die n\u00e4chste AI-Generation wird nicht nur programmieren<\/strong> <br>Die Zukunft der k\u00fcnstlichen Intelligenz entsteht an den Schnittstellen.<\/p>\n\n\n\n<p>Zwischen <strong>Technologie und Kreativit\u00e4t.<\/strong><br>Zwischen <strong>Maschine und Mensch.<\/strong><br>Zwischen <strong>Innovation und Verantwortung.<\/strong><br>Zwischen <strong>globalen Plattformen und individuellen Ideen.<\/strong><\/p>\n\n\n\n<p>Die spannendsten Pers\u00f6nlichkeiten der kommenden Jahre werden deshalb m\u00f6glicherweise nicht diejenigen sein, die das gr\u00f6\u00dfte AI-Modell entwickeln. Es k\u00f6nnten diejenigen sein, die verstehen, wie wir AI sinnvoll, kreativ und verantwortungsvoll in unsere Gesellschaft integrieren.<\/p>\n\n\n\n<p>Denn bei aller Geschwindigkeit des technologischen Fortschritts bleibt eine Erkenntnis entscheidend:<br><strong>Die Zukunft der Artificial Intelligence wird nicht von Maschinen entschieden \u2013 sondern von den Menschen, die sie gestalten.<\/strong><\/p>\n\n\n\n<figure class=\"wp-block-image size-full\"><img loading=\"lazy\" decoding=\"async\" width=\"1672\" height=\"941\" src=\"https:\/\/itva.cloud\/wp-content\/uploads\/2026\/08\/AI-2126-100-Years-of-Evolution.jpg\" alt=\"\" class=\"wp-image-1250\" srcset=\"https:\/\/itva.cloud\/wp-content\/uploads\/2026\/08\/AI-2126-100-Years-of-Evolution.jpg 1672w, https:\/\/itva.cloud\/wp-content\/uploads\/2026\/08\/AI-2126-100-Years-of-Evolution-300x169.jpg 300w, https:\/\/itva.cloud\/wp-content\/uploads\/2026\/08\/AI-2126-100-Years-of-Evolution-768x432.jpg 768w, https:\/\/itva.cloud\/wp-content\/uploads\/2026\/08\/AI-2126-100-Years-of-Evolution-1536x864.jpg 1536w, https:\/\/itva.cloud\/wp-content\/uploads\/2026\/08\/AI-2126-100-Years-of-Evolution-1024x576.jpg 1024w\" sizes=\"auto, (max-width: 1672px) 100vw, 1672px\" \/><\/figure>\n","protected":false},"excerpt":{"rendered":"<p>K\u00fcnstliche Intelligenz ist l\u00e4ngst mehr als ein Technologie-Thema. Sie ver\u00e4ndert Wirtschaft, Medien, Wissenschaft, Politik, Kreativit\u00e4t und zunehmend unseren Alltag. Mit der TIME100 AI 2026 stellt das US-Magazin TIME jetzt zum vierten Mal 100 Pers\u00f6nlichkeiten vor, die diese Entwicklung besonders stark pr\u00e4gen. Die aktuelle Liste wurde am 27. August 2026 ver\u00f6ffentlicht. Die Grundidee hinter der Initiative&hellip; <br \/> <a class=\"read-more\" href=\"https:\/\/itva.cloud\/index.php\/2026\/08\/30\/time100-ai-2026-wenn-technology-visualisation-ai-zusammenwachsen\/\">Weiterlesen<\/a><\/p>\n","protected":false},"author":2,"featured_media":1248,"comment_status":"closed","ping_status":"closed","sticky":false,"template":"","format":"standard","meta":{"footnotes":""},"categories":[7,6,1,9],"tags":[208,345,26,350,343,341,231,236,340,347,349,329,344,256,342,346,229,339,348],"class_list":["post-1239","post","type-post","status-publish","format-standard","has-post-thumbnail","hentry","category-ai","category-technology","category-uncategorized","category-visionen","tag-ai-film","tag-alessandra-sala","tag-artificial-intelligence","tag-arvind-krishna","tag-ben-affleck","tag-dario-und-daniela-amodei","tag-elon-musk","tag-fei-fei-li","tag-greg-brockman","tag-ilya-sutskever","tag-interpositive","tag-itva","tag-joseph-gordon-levitt","tag-ki-agenten","tag-larry-ellison","tag-mira-murati","tag-sam-altman","tag-time-100-ai-2026","tag-yann-lecun"],"_links":{"self":[{"href":"https:\/\/itva.cloud\/index.php\/wp-json\/wp\/v2\/posts\/1239","targetHints":{"allow":["GET"]}}],"collection":[{"href":"https:\/\/itva.cloud\/index.php\/wp-json\/wp\/v2\/posts"}],"about":[{"href":"https:\/\/itva.cloud\/index.php\/wp-json\/wp\/v2\/types\/post"}],"author":[{"embeddable":true,"href":"https:\/\/itva.cloud\/index.php\/wp-json\/wp\/v2\/users\/2"}],"replies":[{"embeddable":true,"href":"https:\/\/itva.cloud\/index.php\/wp-json\/wp\/v2\/comments?post=1239"}],"version-history":[{"count":10,"href":"https:\/\/itva.cloud\/index.php\/wp-json\/wp\/v2\/posts\/1239\/revisions"}],"predecessor-version":[{"id":1252,"href":"https:\/\/itva.cloud\/index.php\/wp-json\/wp\/v2\/posts\/1239\/revisions\/1252"}],"wp:featuredmedia":[{"embeddable":true,"href":"https:\/\/itva.cloud\/index.php\/wp-json\/wp\/v2\/media\/1248"}],"wp:attachment":[{"href":"https:\/\/itva.cloud\/index.php\/wp-json\/wp\/v2\/media?parent=1239"}],"wp:term":[{"taxonomy":"category","embeddable":true,"href":"https:\/\/itva.cloud\/index.php\/wp-json\/wp\/v2\/categories?post=1239"},{"taxonomy":"post_tag","embeddable":true,"href":"https:\/\/itva.cloud\/index.php\/wp-json\/wp\/v2\/tags?post=1239"}],"curies":[{"name":"wp","href":"https:\/\/api.w.org\/{rel}","templated":true}]}}